{"id":601,"date":"2026-08-24T10:00:37","date_gmt":"2026-08-24T13:00:37","guid":{"rendered":"https:\/\/redsocial.com.ar\/?p=601"},"modified":"2026-08-31T17:05:19","modified_gmt":"2026-08-31T20:05:19","slug":"meta-cerro-un-acuerdo-de-18-000-millones-para-frenar-el-juicio-pero-deja-sin-un-dolar-a-las-familias-afectadas","status":"publish","type":"post","link":"https:\/\/redsocial.com.ar\/?p=601","title":{"rendered":"Meta alcanz\u00f3 un acuerdo para cerrar el mayor proceso judicial en su contra"},"content":{"rendered":"<p>El acuerdo evita un proceso p\u00fablico que pod\u00eda exponer documentos internos y limita cambios a Estados Unidos, mientras los fondos se destinan a programas estatales y no a reparaci\u00f3n individual.<\/p>\n<p>La decisi\u00f3n de la compa\u00f1\u00eda, matriz de Facebook e Instagram, evit\u00f3 un juicio p\u00fablico que podr\u00eda haber expuesto informaci\u00f3n interna sobre el funcionamiento de sus algoritmos y la gesti\u00f3n de riesgos para menores, pero dej\u00f3 sin compensaci\u00f3n econ\u00f3mica a quienes denunciaron da\u00f1os reales y documentados.<\/p>\n<p>Meta alcanz\u00f3 un acuerdode 18.000 millones de d\u00f3lares para cerrar el mayor proceso judicial en su contra por da\u00f1os a menores en redes sociales, pero el pacto no contempla ninguna indemnizaci\u00f3n directa para las familias que sufrieron las consecuencias.<\/p>\n<p>La noticia marca un hito en la historia de la regulaci\u00f3n tecnol\u00f3gica en Estados Unidos y reaviva el debate sobre la responsabilidad de las plataformas digitales frente a los da\u00f1os causados por sus sistemas adictivos y la falta de controles efectivos para proteger a ni\u00f1os y adolescentes.<\/p>\n<p>C\u00f3mo Meta consigui\u00f3 limitar el impacto judicial<\/p>\n<p>Meta opt\u00f3 por un acuerdo r\u00e1pido y estrat\u00e9gico, aceptando el pago de una suma millonaria y la implementaci\u00f3n de reformas t\u00e9cnicas, solo en Estados Unidos, para evitar un litigio prolongado y la publicaci\u00f3n de documentos sensibles.<\/p>\n<p>Aunque la cantidad parece elevada, representa una fracci\u00f3n de los 200.000 millones de d\u00f3lares inicialmente reclamados por los demandantes y se pagar\u00e1 en cuotas a lo largo de diez a\u00f1os, con parte del monto condicionada a que otras plataformas adopten restricciones similares.<\/p>\n<p>La empresa tambi\u00e9n consigui\u00f3 que el acuerdo no implique cambios globales en sus productos y que los fondos vayan a los estados para programas de seguridad digital, no a las familias afectadas. Al evitar el juicio, Meta protegi\u00f3 su modelo de negocio y eludi\u00f3 la posibilidad de precedentes legales que pudieran replicarse a nivel internacional.<\/p>\n<p>Qu\u00e9 reciben (y qu\u00e9 pierden) las familias de las v\u00edctimas<\/p>\n<p>El acuerdo deja varias cuestiones insatisfechas para quienes sufrieron los mayores da\u00f1os:<\/p>\n<p>Sin indemnizaci\u00f3n directa: Ninguna parte del dinero pactado ser\u00e1 destinada a compensar individualmente a las v\u00edctimas. Todo ir\u00e1 a fondos estatales para iniciativas generales, sin mecanismos de reparaci\u00f3n personal para quienes enfrentaron depresi\u00f3n, acoso o p\u00e9rdidas ligadas al uso de las plataformas.<br \/>\nReconocimiento limitado: Aunque las demandas y testimonios demostraron el impacto negativo de los algoritmos adictivos sobre los menores, el acuerdo evit\u00f3 una sentencia judicial formal que reconociera la responsabilidad de Meta de manera individualizada. No hubo cierre judicial pleno ni reparaci\u00f3n simb\u00f3lica suficiente.<br \/>\nMedidas preventivas, pero con l\u00edmites: Las reformas t\u00e9cnicas impuestas solo aplican a Estados Unidos y pueden ser sorteadas por los propios usuarios. No benefician a quienes ya han experimentado da\u00f1os.<br \/>\nPersisten litigios individuales: El acuerdo multiestatal no cierra las puertas a demandas individuales, pero estos procesos suelen ser largos, complejos y con resultados inciertos.<\/p>\n<p>Cu\u00e1les son las obligaciones de Meta tras el acuerdo<\/p>\n<p>El pacto establece obligaciones espec\u00edficas para Meta en sus plataformas estadounidenses:<\/p>\n<p>L\u00edmites diarios de uso de dos horas para menores, con posibilidad de desactivaci\u00f3n solo por padres o tutores.<br \/>\nBloqueo de actividad nocturna y de notificaciones entre las 22:00 y las 7:00 h.<br \/>\nOcultamiento de \u201cme gusta\u201d y reacciones en cuentas de menores.<br \/>\nProhibici\u00f3n de filtros cosm\u00e9ticos y fortalecimiento de la verificaci\u00f3n de edad.<br \/>\nMejora del mecanismo de denuncia y respuesta r\u00e1pida a reportes de contenido da\u00f1ino.<\/p>\n<p>Aunque estas medidas buscan prevenir futuros da\u00f1os, expertos y v\u00edctimas insisten en que no representan un redise\u00f1o estructural ni una soluci\u00f3n global para el problema.<\/p>\n<p>El caso Kaley: un precedente para la industria<\/p>\n<p>A pesar del acuerdo, Meta sigue enfrentando demandas individuales, como el caso emblem\u00e1tico de Kaley, una joven de California cuya adicci\u00f3n a las redes sociales deriv\u00f3 en graves problemas de salud mental.<\/p>\n<p>En su juicio, un jurado determin\u00f3 que Meta y Google actuaron con \u201cmalicia, opresi\u00f3n o fraude\u201d y otorg\u00f3 una indemnizaci\u00f3n de seis millones de d\u00f3lares a la v\u00edctima, sentando un precedente legal sobre la responsabilidad de las plataformas por da\u00f1os psicol\u00f3gicos en menores.<\/p>\n<p>El caso Kaley: un precedente para la industria<\/p>\n<p>A pesar del acuerdo, Meta sigue enfrentando demandas individuales, como el caso emblem\u00e1tico de Kaley, una joven de California cuya adicci\u00f3n a las redes sociales deriv\u00f3 en graves problemas de salud mental.<\/p>\n<p>En su juicio, un jurado determin\u00f3 que Meta y Google actuaron con \u201cmalicia, opresi\u00f3n o fraude\u201d y otorg\u00f3 una indemnizaci\u00f3n de seis millones de d\u00f3lares a la v\u00edctima, sentando un precedente legal sobre la responsabilidad de las plataformas por da\u00f1os psicol\u00f3gicos en menores.<\/p>\n<p>Las familias afectadas, sin embargo, siguen esperando justicia y una reparaci\u00f3n a la altura del da\u00f1o sufrido, mientras la industria digital enfrenta la presi\u00f3n de cambiar su modelo antes de que nuevas demandas obliguen a una transformaci\u00f3n m\u00e1s profunda.<\/p>\n","protected":false},"excerpt":{"rendered":"<p>El acuerdo evita un proceso p\u00fablico que pod\u00eda exponer documentos internos y limita cambios a Estados Unidos, mientras los fondos se destinan a programas estatales y no a reparaci\u00f3n individual&#8230;.<\/p>\n","protected":false},"author":2,"featured_media":602,"comment_status":"open","ping_status":"open","sticky":false,"template":"","format":"standard","meta":{"footnotes":""},"categories":[1],"tags":[],"class_list":["post-601","post","type-post","status-publish","format-standard","has-post-thumbnail","hentry","category-general","article","has-background","has-excerpt","has-avatar","has-author","has-date","has-comment-count","has-category-meta","has-read-more","has-post-media","thumbnail-"],"_links":{"self":[{"href":"https:\/\/redsocial.com.ar\/index.php?rest_route=\/wp\/v2\/posts\/601"}],"collection":[{"href":"https:\/\/redsocial.com.ar\/index.php?rest_route=\/wp\/v2\/posts"}],"about":[{"href":"https:\/\/redsocial.com.ar\/index.php?rest_route=\/wp\/v2\/types\/post"}],"author":[{"embeddable":true,"href":"https:\/\/redsocial.com.ar\/index.php?rest_route=\/wp\/v2\/users\/2"}],"replies":[{"embeddable":true,"href":"https:\/\/redsocial.com.ar\/index.php?rest_route=%2Fwp%2Fv2%2Fcomments&post=601"}],"version-history":[{"count":2,"href":"https:\/\/redsocial.com.ar\/index.php?rest_route=\/wp\/v2\/posts\/601\/revisions"}],"predecessor-version":[{"id":622,"href":"https:\/\/redsocial.com.ar\/index.php?rest_route=\/wp\/v2\/posts\/601\/revisions\/622"}],"wp:featuredmedia":[{"embeddable":true,"href":"https:\/\/redsocial.com.ar\/index.php?rest_route=\/wp\/v2\/media\/602"}],"wp:attachment":[{"href":"https:\/\/redsocial.com.ar\/index.php?rest_route=%2Fwp%2Fv2%2Fmedia&parent=601"}],"wp:term":[{"taxonomy":"category","embeddable":true,"href":"https:\/\/redsocial.com.ar\/index.php?rest_route=%2Fwp%2Fv2%2Fcategories&post=601"},{"taxonomy":"post_tag","embeddable":true,"href":"https:\/\/redsocial.com.ar\/index.php?rest_route=%2Fwp%2Fv2%2Ftags&post=601"}],"curies":[{"name":"wp","href":"https:\/\/api.w.org\/{rel}","templated":true}]}}